{"id":10129,"date":"2024-12-21T08:20:18","date_gmt":"2024-12-21T08:20:18","guid":{"rendered":"https:\/\/dachdaily.com\/ce-que-lon-sait-de-lattaque-a-la-voiture-sur-le-marche-de-noel-de-magdebourg-en-allemagne-le-monde\/"},"modified":"2024-12-21T08:20:18","modified_gmt":"2024-12-21T08:20:18","slug":"ce-que-lon-sait-de-lattaque-a-la-voiture-sur-le-marche-de-noel-de-magdebourg-en-allemagne-le-monde","status":"publish","type":"post","link":"https:\/\/dachdaily.com\/fr\/ce-que-lon-sait-de-lattaque-a-la-voiture-sur-le-marche-de-noel-de-magdebourg-en-allemagne-le-monde\/","title":{"rendered":"Ce que l\u2019on sait de l\u2019attaque \u00e0 la voiture sur le march\u00e9 de No\u00ebl de Magdebourg, en Allemagne &#8211; Le Monde"},"content":{"rendered":"<p> <br \/>\n<\/p>\n<ol>\n<li><a href=\"https:\/\/news.google.com\/rss\/articles\/CBMi-AFBVV95cUxOU1pmMGNGSG1YOVpxSU5tNS0zaHRKdVJaeGJ6THZoSVlCX21kem5hNkRTdDIzUlVlY0FhTHI3dktVcDY2NUhUTkZyN1kwU3g1QXhvVy02d1VsVDRWRHEzbnVHRFVPM3ZIbUJiMkg1NEM3dVJ1elNKTFBoS3FuUE9kY2UzME4xT1VGUndxVk03VTNoT2VYbjBlaVFhVXYyb2llZVZYWEhabUxXSlVQRF9lamZBb1M2WGh6WkF0b0JwQk5BZGZNY1A2WTZVdnVkck1ZWXo5RUdsdFpBNlhSRW5kemhtSmItSE91ZkZzZTZ5WTFUY0hsM2VSNg?oc=5\" target=\"_blank\">Ce que l\u2019on sait de l\u2019attaque \u00e0 la voiture sur le march\u00e9 de No\u00ebl de Magdebourg, en Allemagne<\/a>&nbsp;&nbsp;<font color=\"#6f6f6f\">Le Monde<\/font><\/li>\n<li><a href=\"https:\/\/news.google.com\/rss\/articles\/CBMi-gFBVV95cUxPckJaSlVDd3ViQzdHZlQ4OWFHdkhyempVZF9pb1k5cFJSdnlKZmJ6NDVVcm5wWFk0SjdneW9PNTlqNlltY1JmTVhNcnhvVHY4ZVFBU3BLU1czLUFOWGY4Nzl0ZWE1RmgyZlNPZjQxYlZxai0tQ21VZ3F6d2ZZZFpZOW9TdWNnOHhuY1ZjU2tGdDVKVHhYbm44RmtwYWJXbUtWX2hjWEc1VmNvRGlEd3hjRmV2dExKcS0wb2JwdFpQNnpCRmNabzhRWUVRemVxZWVnNHExZGFscnUzTDFRQlRBbjBIWmhQODBhTVlJREpFbmxYYmN0a2JBWjh3?oc=5\" target=\"_blank\">Attaque \u00e0 la voiture b\u00e9lier sur un march\u00e9 de No\u00ebl en Allemagne : ce que l\u2019on sait<\/a>&nbsp;&nbsp;<font color=\"#6f6f6f\">Ouest-France<\/font><\/li>\n<li><a href=\"https:\/\/news.google.com\/rss\/articles\/CBMiywFBVV95cUxQRURqS0xqdHFPYnNyRGk2TndPZUlpQzE4SzN2Z1BHNkUtLTVjOTYyU1FPRlNLeXpvdG1CUFl1cHdLY3VKNTdUUE9OeDhnLXc0cVRuS1BYUVNZWFR4N3E5X3ZFSFAydS1CQ1N6UTEwZjl2LU14LV9Zcl9KVEN3aWh0Ql93U05RTExmTUl4SmYzTVRxbnhfdk9sNDVIU3kyM3k5TF9SeGtmVms2MWxaYUd6SDM5bWpvdVRneFJWbnhUcHI1NHBPblJkdHljRQ?oc=5\" target=\"_blank\">Allemagne : une voiture fonce dans la foule d\u2019un march\u00e9 de No\u00ebl, plus de 60 bless\u00e9s<\/a>&nbsp;&nbsp;<font color=\"#6f6f6f\">Le Figaro<\/font><\/li>\n<li><a href=\"https:\/\/news.google.com\/rss\/articles\/CBMi9wFBVV95cUxNQ1BxU2ZLeEhneDNPZThMN0d1SGVpaGlDZWZmUzlPb0tFTlBSSklPRVhTa3M2TnkwOTFpQkl0Y3o4dTZSei1PeUwwMndHU2xWRHBnVTJZb2VpN2tPTTdlQkxFV0IzbDVFS1p4RWRWV2xPZUowWXJiQnhUVm1CTTkza0Z5WWVmd1lIdHZJaW54LTdZdlhkRkFiOTZsMGVlVUVYRHoxWXlDWFpnWU5CSXhvVVF1LTYteTVGU18zMTFPLW5UU1loMWgzcE9hUUQ5akFzMmVja2E2LXRrNzEtdkRVMlI0eVBBbkdqc21RcHF2eWtlRXgtYnZj?oc=5\" target=\"_blank\">\u00ab\u00a0Attentat\u00a0\u00bb en Allemagne: au moins deux morts sur un march\u00e9 de No\u00ebl<\/a>&nbsp;&nbsp;<font color=\"#6f6f6f\">BFMTV<\/font><\/li>\n<li><a href=\"https:\/\/news.google.com\/rss\/articles\/CBMi-AFBVV95cUxNcG5SakJraDVNZzZKM3N2dFRjS0hXQkR6SDJvdFE0emxsYVNtNjJLN0VhX3duUW5Xd3NFeVR2cnltWl9BRzAyYmhVNUV0b1JQaXU0WnJVRmRickk5bl9DRWtNbW9UazlCZXFtX0h1Q1hHVXVqZTVELWFCMGVLS0ZySzRHWVNlcHhKYllXVFpnN2ZzWHFuWm9PbktQNWh3cXhyUGNGYUpwUVdlRmZ2a3phV2pNTmhpdkNiajVOdzVSNzVld2E0U3M4bDktQ05KNFpGalE3VU01SlBCb3ZiT3N2a19vR2ViN1FMOGVXb1VjMl9HblRUcUZmUA?oc=5\" target=\"_blank\">Une voiture fonce sur un march\u00e9 de No\u00ebl en Allemagne : \u00ab possible attentat \u00bb, deux morts et 68 bless\u00e9s&#8230; ce que l\u2019on sait<\/a>&nbsp;&nbsp;<font color=\"#6f6f6f\">Le Parisien<\/font><\/li>\n<li><a href=\"https:\/\/news.google.com\/rss\/articles\/CBMi7gFBVV95cUxPSGNXT1JoZnJsZ2pFeTBrOEo5QnFYd1AwOENoV3JZdjcyVHdXYkhUT3RZd2RXTVhaRDFtbjZMWFhJS2xLU2dJUEM4LThSRnU0V0V5QUtZeHZIcmllNTZyWllnVzZBekU3aFVrLXdmRlBiQ3ZmNm04Z0czaVpaMWhkdkRyV0JLVjlWSjhkUFlZWVBrNkMwbldBdGNoTS1ieVJrTGZ0VXR0akFNdHNGUFNBS1ZiOXBTemtUT3dUSWZhTmU2RWxLcEJIb2pReWJVSTdTMHRKOVpaenBXOTJseXRXZUladlU4WC1jTkdqT1NB?oc=5\" target=\"_blank\">Une voiture fonce&#8230;<\/a><\/li>\n<\/ol>\n<p><br \/>\n<br \/><a href=\"https:\/\/news.google.com\/rss\/articles\/CBMi-AFBVV95cUxOU1pmMGNGSG1YOVpxSU5tNS0zaHRKdVJaeGJ6THZoSVlCX21kem5hNkRTdDIzUlVlY0FhTHI3dktVcDY2NUhUTkZyN1kwU3g1QXhvVy02d1VsVDRWRHEzbnVHRFVPM3ZIbUJiMkg1NEM3dVJ1elNKTFBoS3FuUE9kY2UzME4xT1VGUndxVk03VTNoT2VYbjBlaVFhVXYyb2llZVZYWEhabUxXSlVQRF9lamZBb1M2WGh6WkF0b0JwQk5BZGZNY1A2WTZVdnVkck1ZWXo5RUdsdFpBNlhSRW5kemhtSmItSE91ZkZzZTZ5WTFUY0hsM2VSNg?oc=5\">Source<\/a><\/p>\n","protected":false},"excerpt":{"rendered":"<p>Ce que l\u2019on sait de l\u2019attaque \u00e0 la voiture sur le march\u00e9 de No\u00ebl de Magdebourg, en Allemagne&nbsp;&nbsp;Le Monde Attaque \u00e0 la&hellip;<\/p>\n","protected":false},"author":1,"featured_media":0,"comment_status":"closed","ping_status":"closed","sticky":false,"template":"","format":"standard","meta":{"_lmt_disableupdate":"","_lmt_disable":"","footnotes":""},"categories":[112,107,6,31],"tags":[],"class_list":["post-10129","post","type-post","status-publish","format-standard","hentry","category-germany-fr","category-automotive-fr","category-automotive","category-germany"],"_links":{"self":[{"href":"https:\/\/dachdaily.com\/fr\/wp-json\/wp\/v2\/posts\/10129","targetHints":{"allow":["GET"]}}],"collection":[{"href":"https:\/\/dachdaily.com\/fr\/wp-json\/wp\/v2\/posts"}],"about":[{"href":"https:\/\/dachdaily.com\/fr\/wp-json\/wp\/v2\/types\/post"}],"author":[{"embeddable":true,"href":"https:\/\/dachdaily.com\/fr\/wp-json\/wp\/v2\/users\/1"}],"replies":[{"embeddable":true,"href":"https:\/\/dachdaily.com\/fr\/wp-json\/wp\/v2\/comments?post=10129"}],"version-history":[{"count":0,"href":"https:\/\/dachdaily.com\/fr\/wp-json\/wp\/v2\/posts\/10129\/revisions"}],"wp:attachment":[{"href":"https:\/\/dachdaily.com\/fr\/wp-json\/wp\/v2\/media?parent=10129"}],"wp:term":[{"taxonomy":"category","embeddable":true,"href":"https:\/\/dachdaily.com\/fr\/wp-json\/wp\/v2\/categories?post=10129"},{"taxonomy":"post_tag","embeddable":true,"href":"https:\/\/dachdaily.com\/fr\/wp-json\/wp\/v2\/tags?post=10129"}],"curies":[{"name":"wp","href":"https:\/\/api.w.org\/{rel}","templated":true}]}}