{"id":7324,"date":"2024-06-21T23:30:17","date_gmt":"2024-06-21T23:30:17","guid":{"rendered":"https:\/\/dachdaily.com\/guerre-commerciale-dans-lauto-la-menace-se-precise-pour-les-marques-allemandes\/"},"modified":"2024-06-21T23:30:17","modified_gmt":"2024-06-21T23:30:17","slug":"guerre-commerciale-dans-lauto-la-menace-se-precise-pour-les-marques-allemandes","status":"publish","type":"post","link":"https:\/\/dachdaily.com\/fr\/guerre-commerciale-dans-lauto-la-menace-se-precise-pour-les-marques-allemandes\/","title":{"rendered":"Guerre commerciale dans l&rsquo;auto\u00a0: la menace se pr\u00e9cise pour les marques allemandes"},"content":{"rendered":"<p> <br \/>\n<\/p>\n<div>\n<p class=\"sc-nmm9yg-6 dTerhx\">P\u00e9kin montre ses muscles, les marques premium allemandes num\u00e9rotent leurs abattis. Apr\u00e8s la d\u00e9cision de Bruxelles la semaine derni\u00e8re d&rsquo;imposer des droits de douane aux voitures \u00e9lectriques venus de Chine, les dirigeants de la R\u00e9publique populaire ont hauss\u00e9 le ton, et leurs menaces de repr\u00e9sailles placent l&rsquo;industrie automobile d&rsquo;outre-Rhin <a href=\"https:\/\/www.lesechos.fr\/industrie-services\/automobile\/automobile-les-constructeurs-allemands-verts-de-rage-contre-bruxelles-2101101\" class=\"sc-1q3ut16-0 jduYNR\">en premi\u00e8re ligne<\/a> .<\/p>\n<p class=\"sc-nmm9yg-6 dTerhx\">Agit\u00e9 depuis quelques semaines, le sc\u00e9nario de r\u00e9torsions touchant les mod\u00e8les haut de gamme allemands est en train de prendre corps. Selon le \u00ab\u00a0Global Times\u00a0\u00bb (un&#8230;<\/p>\n<\/div>\n<p><br \/>\n<br \/><a href=\"https:\/\/www.lesechos.fr\/industrie-services\/automobile\/guerre-commerciale-dans-lauto-la-menace-se-precise-pour-les-marques-allemandes-2103127\">Source<\/a><\/p>\n","protected":false},"excerpt":{"rendered":"<p>P\u00e9kin montre ses muscles, les marques premium allemandes num\u00e9rotent leurs abattis. Apr\u00e8s la d\u00e9cision de Bruxelles la semaine derni\u00e8re d&rsquo;imposer des droits&hellip;<\/p>\n","protected":false},"author":1,"featured_media":0,"comment_status":"closed","ping_status":"closed","sticky":false,"template":"","format":"standard","meta":{"_lmt_disableupdate":"","_lmt_disable":"","footnotes":""},"categories":[112,107,6,31],"tags":[],"class_list":["post-7324","post","type-post","status-publish","format-standard","hentry","category-germany-fr","category-automotive-fr","category-automotive","category-germany"],"_links":{"self":[{"href":"https:\/\/dachdaily.com\/fr\/wp-json\/wp\/v2\/posts\/7324","targetHints":{"allow":["GET"]}}],"collection":[{"href":"https:\/\/dachdaily.com\/fr\/wp-json\/wp\/v2\/posts"}],"about":[{"href":"https:\/\/dachdaily.com\/fr\/wp-json\/wp\/v2\/types\/post"}],"author":[{"embeddable":true,"href":"https:\/\/dachdaily.com\/fr\/wp-json\/wp\/v2\/users\/1"}],"replies":[{"embeddable":true,"href":"https:\/\/dachdaily.com\/fr\/wp-json\/wp\/v2\/comments?post=7324"}],"version-history":[{"count":0,"href":"https:\/\/dachdaily.com\/fr\/wp-json\/wp\/v2\/posts\/7324\/revisions"}],"wp:attachment":[{"href":"https:\/\/dachdaily.com\/fr\/wp-json\/wp\/v2\/media?parent=7324"}],"wp:term":[{"taxonomy":"category","embeddable":true,"href":"https:\/\/dachdaily.com\/fr\/wp-json\/wp\/v2\/categories?post=7324"},{"taxonomy":"post_tag","embeddable":true,"href":"https:\/\/dachdaily.com\/fr\/wp-json\/wp\/v2\/tags?post=7324"}],"curies":[{"name":"wp","href":"https:\/\/api.w.org\/{rel}","templated":true}]}}