{"id":7483,"date":"2024-06-28T21:30:15","date_gmt":"2024-06-28T21:30:15","guid":{"rendered":"https:\/\/dachdaily.com\/ineos-grenadier-built-for-more-auto-illustre\/"},"modified":"2024-06-28T21:30:15","modified_gmt":"2024-06-28T21:30:15","slug":"ineos-grenadier-built-for-more-auto-illustre","status":"publish","type":"post","link":"https:\/\/dachdaily.com\/fr\/ineos-grenadier-built-for-more-auto-illustre\/","title":{"rendered":"INEOS Grenadier: Built for More | auto-illustr\u00e9"},"content":{"rendered":"<p> <br \/>\n<\/p>\n<div action=\"\/cp\/async\/html\/update?id=8787\">\n<p>En 2017, c\u2019est en sirotant une bi\u00e8re avec des amis au Grenadier, un pub londonien, que Sir Jim Ratcliffe, PDG d\u2019INEOS et fan de 4X4, a une id\u00e9e. Il d\u00e9c\u00e8le un cr\u00e9neau sur le march\u00e9 pour un v\u00e9hicule tout-terrain sans compromis, qui serait non seulement un symbole d\u2019aventure et de conduite active, mais aussi un outil de travail.<\/p>\n<p><img decoding=\"async\" data-src=\"https:\/\/ai.dimaster.io\/assets\/cache\/1920\/x\/media\/Artikel\/240628-Ineos-Grenadier-2024-Advertorial\/Ineos-Grenadier-hedin-5.jpg\" alt=\"\" src=\"data:image\/svg+xml;base64,PHN2ZyB3aWR0aD0iMSIgaGVpZ2h0PSIxIiB4bWxucz0iaHR0cDovL3d3dy53My5vcmcvMjAwMC9zdmciPjwvc3ZnPg==\" class=\"lazyload\" \/><\/p>\n<p>La vision d\u2019un 4X4 utilitaire, une b\u00eate de somme \u00e9pur\u00e9e est n\u00e9e. Apr\u00e8s avoir \u00e9t\u00e9 test\u00e9 et d\u00e9velopp\u00e9 au fil de 1,8 million de kilom\u00e8tres et dans 15 pays du monde, et avoir pour cela \u00e9t\u00e9&#8230;<\/p>\n<\/div>\n<p><br \/>\n<br \/><a href=\"https:\/\/auto-illustrierte.ch\/fr\/ineos-grenadier-built-for-more--3326\">Source<\/a><\/p>\n","protected":false},"excerpt":{"rendered":"<p>En 2017, c\u2019est en sirotant une bi\u00e8re avec des amis au Grenadier, un pub londonien, que Sir Jim Ratcliffe, PDG d\u2019INEOS et&hellip;<\/p>\n","protected":false},"author":1,"featured_media":0,"comment_status":"closed","ping_status":"closed","sticky":false,"template":"","format":"standard","meta":{"_lmt_disableupdate":"","_lmt_disable":"","footnotes":""},"categories":[107,6,119,33],"tags":[],"class_list":["post-7483","post","type-post","status-publish","format-standard","hentry","category-automotive-fr","category-automotive","category-switzerland-fr","category-switzerland"],"_links":{"self":[{"href":"https:\/\/dachdaily.com\/fr\/wp-json\/wp\/v2\/posts\/7483","targetHints":{"allow":["GET"]}}],"collection":[{"href":"https:\/\/dachdaily.com\/fr\/wp-json\/wp\/v2\/posts"}],"about":[{"href":"https:\/\/dachdaily.com\/fr\/wp-json\/wp\/v2\/types\/post"}],"author":[{"embeddable":true,"href":"https:\/\/dachdaily.com\/fr\/wp-json\/wp\/v2\/users\/1"}],"replies":[{"embeddable":true,"href":"https:\/\/dachdaily.com\/fr\/wp-json\/wp\/v2\/comments?post=7483"}],"version-history":[{"count":0,"href":"https:\/\/dachdaily.com\/fr\/wp-json\/wp\/v2\/posts\/7483\/revisions"}],"wp:attachment":[{"href":"https:\/\/dachdaily.com\/fr\/wp-json\/wp\/v2\/media?parent=7483"}],"wp:term":[{"taxonomy":"category","embeddable":true,"href":"https:\/\/dachdaily.com\/fr\/wp-json\/wp\/v2\/categories?post=7483"},{"taxonomy":"post_tag","embeddable":true,"href":"https:\/\/dachdaily.com\/fr\/wp-json\/wp\/v2\/tags?post=7483"}],"curies":[{"name":"wp","href":"https:\/\/api.w.org\/{rel}","templated":true}]}}