{"id":7670,"date":"2024-07-06T00:10:27","date_gmt":"2024-07-06T00:10:27","guid":{"rendered":"https:\/\/dachdaily.com\/une-taxe-sur-les-voitures-electriques-chinoises-lallemagne-dit-non\/"},"modified":"2024-07-06T00:10:27","modified_gmt":"2024-07-06T00:10:27","slug":"une-taxe-sur-les-voitures-electriques-chinoises-lallemagne-dit-non","status":"publish","type":"post","link":"https:\/\/dachdaily.com\/fr\/une-taxe-sur-les-voitures-electriques-chinoises-lallemagne-dit-non\/","title":{"rendered":"Une taxe sur les voitures \u00e9lectriques chinoises ? L\u2019Allemagne dit NON !"},"content":{"rendered":"<p> <br \/>\n<\/p>\n<div>\n<p itemprop=\"description\">L&rsquo;Allemagne, leader de l&rsquo;industrie automobile europ\u00e9enne, exprime de vives inqui\u00e9tudes face aux projets de l&rsquo;Union europ\u00e9enne d&rsquo;imposer des droits de douane sur les v\u00e9hicules \u00e9lectriques import\u00e9s de Chine.<\/p>\n<aside class=\"bloc_resume_post\">\n<h2 class=\"bloc_resume_post_title\">EN BREF<\/h2>\n<ul class=\"bloc_resume_post_list\">\n<li>\nL&rsquo;Allemagne, soutenue par l&rsquo;Association automobile allemande (VDA), appelle l&rsquo;Union europ\u00e9enne \u00e0 reconsid\u00e9rer l&rsquo;imposition de droits de douane sur les v\u00e9hicules \u00e9lectriques chinois. <\/li>\n<li>\nOliver Zipse, PDG de BMW, avertit que ces mesures pourraient nuire \u00e0 la transition \u00e9cologique et r\u00e9duire la comp\u00e9titivit\u00e9 des&#8230;<\/li>\n<\/ul>\n<\/aside>\n<\/div>\n<p><br \/>\n<br \/><a href=\"https:\/\/www.autoplus.fr\/actualite\/une-taxe-sur-les-voitures-electriques-chinoises-lallemagne-dit-non-1336533.html\">Source<\/a><\/p>\n","protected":false},"excerpt":{"rendered":"<p>L&rsquo;Allemagne, leader de l&rsquo;industrie automobile europ\u00e9enne, exprime de vives inqui\u00e9tudes face aux projets de l&rsquo;Union europ\u00e9enne d&rsquo;imposer des droits de douane sur&hellip;<\/p>\n","protected":false},"author":1,"featured_media":0,"comment_status":"closed","ping_status":"closed","sticky":false,"template":"","format":"standard","meta":{"_lmt_disableupdate":"","_lmt_disable":"","footnotes":""},"categories":[112,107,6,31],"tags":[],"class_list":["post-7670","post","type-post","status-publish","format-standard","hentry","category-germany-fr","category-automotive-fr","category-automotive","category-germany"],"_links":{"self":[{"href":"https:\/\/dachdaily.com\/fr\/wp-json\/wp\/v2\/posts\/7670","targetHints":{"allow":["GET"]}}],"collection":[{"href":"https:\/\/dachdaily.com\/fr\/wp-json\/wp\/v2\/posts"}],"about":[{"href":"https:\/\/dachdaily.com\/fr\/wp-json\/wp\/v2\/types\/post"}],"author":[{"embeddable":true,"href":"https:\/\/dachdaily.com\/fr\/wp-json\/wp\/v2\/users\/1"}],"replies":[{"embeddable":true,"href":"https:\/\/dachdaily.com\/fr\/wp-json\/wp\/v2\/comments?post=7670"}],"version-history":[{"count":0,"href":"https:\/\/dachdaily.com\/fr\/wp-json\/wp\/v2\/posts\/7670\/revisions"}],"wp:attachment":[{"href":"https:\/\/dachdaily.com\/fr\/wp-json\/wp\/v2\/media?parent=7670"}],"wp:term":[{"taxonomy":"category","embeddable":true,"href":"https:\/\/dachdaily.com\/fr\/wp-json\/wp\/v2\/categories?post=7670"},{"taxonomy":"post_tag","embeddable":true,"href":"https:\/\/dachdaily.com\/fr\/wp-json\/wp\/v2\/tags?post=7670"}],"curies":[{"name":"wp","href":"https:\/\/api.w.org\/{rel}","templated":true}]}}