{"id":9910,"date":"2024-11-23T06:00:16","date_gmt":"2024-11-23T06:00:16","guid":{"rendered":"https:\/\/dachdaily.com\/allemagne-a-berlin-un-medecin-soupconne-davoir-tue-quatre-patientes\/"},"modified":"2024-11-23T06:00:16","modified_gmt":"2024-11-23T06:00:16","slug":"allemagne-a-berlin-un-medecin-soupconne-davoir-tue-quatre-patientes","status":"publish","type":"post","link":"https:\/\/dachdaily.com\/fr\/allemagne-a-berlin-un-medecin-soupconne-davoir-tue-quatre-patientes\/","title":{"rendered":"Allemagne\u00a0: \u00e0 Berlin, un m\u00e9decin soup\u00e7onn\u00e9 d&rsquo;avoir tu\u00e9 quatre patientes"},"content":{"rendered":"<p> <br \/>\n<\/p>\n<div>\n<p class=\"component:body\">Un m\u00e9decin, soup\u00e7onn\u00e9 d&rsquo;avoir tu\u00e9 quatre de ses patientes et d&rsquo;avoir ensuite incendi\u00e9 leurs appartements \u00e0 Berlin, a \u00e9t\u00e9 plac\u00e9 mardi en d\u00e9tention provisoire, ont annonc\u00e9 mercredi la police et le parquet.<\/p>\n<p class=\"component:body\">En charge des soins palliatifs pour un service de soins \u00e0 domicile, le m\u00e9decin de 39\u00a0ans aurait mis le feu aux logements des victimes pour faire dispara\u00eetre les preuves. La fa\u00e7on dont il aurait tu\u00e9 ses victimes n&rsquo;est pas encore connue.<\/p>\n<p class=\"component:body\">Les faits auraient \u00e9t\u00e9 commis entre le 11\u00a0juin et le 24\u00a0juillet contre quatre femmes,&#8230;<\/p>\n<\/div>\n<p><br \/>\n<br \/><a href=\"https:\/\/www.lequotidiendumedecin.fr\/sante-societe\/letranger\/allemagne-berlin-un-medecin-soupconne-davoir-tue-quatre-patientes\">Source<\/a><\/p>\n","protected":false},"excerpt":{"rendered":"<p>Un m\u00e9decin, soup\u00e7onn\u00e9 d&rsquo;avoir tu\u00e9 quatre de ses patientes et d&rsquo;avoir ensuite incendi\u00e9 leurs appartements \u00e0 Berlin, a \u00e9t\u00e9 plac\u00e9 mardi en&hellip;<\/p>\n","protected":false},"author":1,"featured_media":0,"comment_status":"closed","ping_status":"closed","sticky":false,"template":"","format":"standard","meta":{"_lmt_disableupdate":"","_lmt_disable":"","footnotes":""},"categories":[112,31,21,113],"tags":[],"class_list":["post-9910","post","type-post","status-publish","format-standard","hentry","category-germany-fr","category-germany","category-healthcare","category-healthcare-fr"],"_links":{"self":[{"href":"https:\/\/dachdaily.com\/fr\/wp-json\/wp\/v2\/posts\/9910","targetHints":{"allow":["GET"]}}],"collection":[{"href":"https:\/\/dachdaily.com\/fr\/wp-json\/wp\/v2\/posts"}],"about":[{"href":"https:\/\/dachdaily.com\/fr\/wp-json\/wp\/v2\/types\/post"}],"author":[{"embeddable":true,"href":"https:\/\/dachdaily.com\/fr\/wp-json\/wp\/v2\/users\/1"}],"replies":[{"embeddable":true,"href":"https:\/\/dachdaily.com\/fr\/wp-json\/wp\/v2\/comments?post=9910"}],"version-history":[{"count":0,"href":"https:\/\/dachdaily.com\/fr\/wp-json\/wp\/v2\/posts\/9910\/revisions"}],"wp:attachment":[{"href":"https:\/\/dachdaily.com\/fr\/wp-json\/wp\/v2\/media?parent=9910"}],"wp:term":[{"taxonomy":"category","embeddable":true,"href":"https:\/\/dachdaily.com\/fr\/wp-json\/wp\/v2\/categories?post=9910"},{"taxonomy":"post_tag","embeddable":true,"href":"https:\/\/dachdaily.com\/fr\/wp-json\/wp\/v2\/tags?post=9910"}],"curies":[{"name":"wp","href":"https:\/\/api.w.org\/{rel}","templated":true}]}}